{"id":13303,"date":"2021-04-15T15:36:34","date_gmt":"2021-04-15T20:36:34","guid":{"rendered":"https:\/\/vehiculosvalle.com.co\/portalweb\/?p=13303"},"modified":"2024-03-08T16:31:56","modified_gmt":"2024-03-08T21:31:56","slug":"el-tiempo-de-respuesta-a-los-derechos-de-peticion-se-amplia-por-30-dias-habiles-mas","status":"publish","type":"post","link":"https:\/\/vehiculosvalle.com.co\/portalweb\/el-tiempo-de-respuesta-a-los-derechos-de-peticion-se-amplia-por-30-dias-habiles-mas\/","title":{"rendered":"\u00a1El tiempo de respuesta a los derechos de petici\u00f3n se ampl\u00eda por 30 d\u00edas h\u00e1biles m\u00e1s!"},"content":{"rendered":"<p>[vc_row][vc_column][vc_column_text]<\/p>\n<h2>\u00a1El tiempo de respuesta a los derechos de petici\u00f3n se ampl\u00eda por 30 d\u00edas h\u00e1biles m\u00e1s!<\/h2>\n<p>[\/vc_column_text][vc_empty_space height=\u00bb42px\u00bb][\/vc_column][\/vc_row][vc_row][vc_column][vc_column_text]<span style=\"font-weight: 400;\">Debido a la <strong>Emergencia Sanitaria<\/strong> declarada por el Gobierno Nacional y el Ministerio de Salud y de conformidad a lo establecido en el <strong>art\u00edculo 5\u00b0 del Decreto Legislativo 491 de 2020<\/strong>, la Unidad Administrativa Especial de Impuestos, Rentas y Gesti\u00f3n Tributaria informa a los ciudadanos que el plazo de respuesta para resolver los derechos de petici\u00f3n se ampl\u00eda por 30 d\u00edas h\u00e1biles m\u00e1s.<\/span><\/p>\n<p><span style=\"font-weight: 400;\">De esta manera, la administraci\u00f3n revisar\u00e1, atender\u00e1 y enviar\u00e1 respuesta a estas peticiones dentro del plazo de <strong>30 d\u00edas h\u00e1biles<\/strong> y a trav\u00e9s del correo electr\u00f3nico <\/span><a href=\"mailto:cobranzas@valledelcauca.gov.co\"><span style=\"font-weight: 400;\"><strong>cobranzas@valledelcauca.gov.co<\/strong><\/span><\/a><span style=\"font-weight: 400;\"> o al lugar de notificaci\u00f3n autorizado en su escrito.<\/span><\/p>\n<p><span style=\"font-weight: 400;\">Es importante manifestar que en atenci\u00f3n a normas nacionales la Gobernaci\u00f3n del Valle del Cauca para hacer frente al tercer pico de la pandemia por COVID-19, se maneja un <strong>aforo en las instalaciones oficiales<\/strong>. Por lo tanto, la atenci\u00f3n presencial es reducida y se recomienda a los ciudadanos acudir solo si han sido citados.<\/span><\/p>\n<p><span style=\"font-weight: 400;\">As\u00ed, los derechos de petici\u00f3n que se realicen a la Subgerencia de Gesti\u00f3n de Cobranzas se efect\u00faan a trav\u00e9s del correo electr\u00f3nico <\/span><a href=\"mailto:cobranzas@valledelcauca.gov.co\"><span style=\"font-weight: 400;\"><strong>cobranzas@valledelcauca.gov.co<\/strong><\/span><\/a>[\/vc_column_text][vc_empty_space height=\u00bb26px\u00bb][vc_btn title=\u00bb\u00a1Descarga el Decreto Legislativo 491 de 2020 aqu\u00ed!\u00bb size=\u00bblg\u00bb align=\u00bbcenter\u00bb button_block=\u00bbtrue\u00bb link=\u00bburl:https%3A%2F%2Fvehiculosvalle.com.co%2Fportalweb%2Fwp-content%2Fuploads%2F2021%2F04%2FDecreto-491-28-marzo-2020.pdf||target:%20_blank|\u00bb][\/vc_column][\/vc_row]<\/p>\n","protected":false},"excerpt":{"rendered":"<p>El tiempo de respuesta a los derechos de petici\u00f3n de la Gobernaci\u00f3n de Valle se ampl\u00eda por 30 d\u00edas h\u00e1biles m\u00e1s.<\/p>\n","protected":false},"author":5,"featured_media":13305,"comment_status":"closed","ping_status":"closed","sticky":false,"template":"","format":"standard","meta":{"footnotes":""},"categories":[2,53],"tags":[],"class_list":["post-13303","post","type-post","status-publish","format-standard","has-post-thumbnail","hentry","category-movilidad","category-noticias"],"yoast_head":"<!-- This site is optimized with the Yoast SEO plugin v26.5 - https:\/\/yoast.com\/wordpress\/plugins\/seo\/ -->\n<title>- Impuesto Automotor Valle del Cauca<\/title>\n<meta name=\"description\" content=\"El tiempo de respuesta a los derechos de petici\u00f3n de la Gobernaci\u00f3n de Valle se ampl\u00eda por 30 d\u00edas h\u00e1biles m\u00e1s.\" \/>\n<meta name=\"robots\" content=\"index, follow, max-snippet:-1, max-image-preview:large, max-video-preview:-1\" \/>\n<link rel=\"canonical\" href=\"https:\/\/vehiculosvalle.com.co\/portalweb\/el-tiempo-de-respuesta-a-los-derechos-de-peticion-se-amplia-por-30-dias-habiles-mas\/\" \/>\n<meta property=\"og:locale\" content=\"es_ES\" \/>\n<meta property=\"og:type\" content=\"article\" \/>\n<meta property=\"og:title\" content=\"- Impuesto Automotor Valle del Cauca\" \/>\n<meta property=\"og:description\" content=\"El tiempo de respuesta a los derechos de petici\u00f3n de la Gobernaci\u00f3n de Valle se ampl\u00eda por 30 d\u00edas h\u00e1biles m\u00e1s.\" \/>\n<meta property=\"og:url\" content=\"https:\/\/vehiculosvalle.com.co\/portalweb\/el-tiempo-de-respuesta-a-los-derechos-de-peticion-se-amplia-por-30-dias-habiles-mas\/\" \/>\n<meta property=\"og:site_name\" content=\"Impuesto Automotor Valle del Cauca\" \/>\n<meta property=\"article:publisher\" content=\"https:\/\/www.facebook.com\/GobValle\/\" \/>\n<meta property=\"article:published_time\" content=\"2021-04-15T20:36:34+00:00\" \/>\n<meta property=\"article:modified_time\" content=\"2024-03-08T21:31:56+00:00\" \/>\n<meta property=\"og:image\" content=\"https:\/\/vehiculosvalle.com.co\/portalweb\/wp-content\/uploads\/2021\/04\/Derechos-de-peticion-Valle-del-cauca.jpg\" \/>\n\t<meta property=\"og:image:width\" content=\"1560\" \/>\n\t<meta property=\"og:image:height\" content=\"520\" \/>\n\t<meta property=\"og:image:type\" content=\"image\/jpeg\" \/>\n<meta name=\"author\" content=\"Vehiculos Valle\" \/>\n<meta name=\"twitter:card\" content=\"summary_large_image\" \/>\n<meta name=\"twitter:creator\" content=\"@GobValle\" \/>\n<meta name=\"twitter:site\" content=\"@GobValle\" \/>\n<meta name=\"twitter:label1\" content=\"Escrito por\" \/>\n\t<meta name=\"twitter:data1\" content=\"Vehiculos Valle\" \/>\n\t<meta name=\"twitter:label2\" content=\"Tiempo de lectura\" \/>\n\t<meta name=\"twitter:data2\" content=\"2 minutos\" \/>\n<script type=\"application\/ld+json\" class=\"yoast-schema-graph\">{\"@context\":\"https:\/\/schema.org\",\"@graph\":[{\"@type\":\"Article\",\"@id\":\"https:\/\/vehiculosvalle.com.co\/portalweb\/el-tiempo-de-respuesta-a-los-derechos-de-peticion-se-amplia-por-30-dias-habiles-mas\/#article\",\"isPartOf\":{\"@id\":\"https:\/\/vehiculosvalle.com.co\/portalweb\/el-tiempo-de-respuesta-a-los-derechos-de-peticion-se-amplia-por-30-dias-habiles-mas\/\"},\"author\":{\"name\":\"Vehiculos Valle\",\"@id\":\"https:\/\/vehiculosvalle.com.co\/portalweb\/#\/schema\/person\/487f3b84d98849a91e79fa062c8ecc4c\"},\"headline\":\"\u00a1El tiempo de respuesta a los derechos de petici\u00f3n se ampl\u00eda por 30 d\u00edas h\u00e1biles m\u00e1s!\",\"datePublished\":\"2021-04-15T20:36:34+00:00\",\"dateModified\":\"2024-03-08T21:31:56+00:00\",\"mainEntityOfPage\":{\"@id\":\"https:\/\/vehiculosvalle.com.co\/portalweb\/el-tiempo-de-respuesta-a-los-derechos-de-peticion-se-amplia-por-30-dias-habiles-mas\/\"},\"wordCount\":311,\"publisher\":{\"@id\":\"https:\/\/vehiculosvalle.com.co\/portalweb\/#organization\"},\"image\":{\"@id\":\"https:\/\/vehiculosvalle.com.co\/portalweb\/el-tiempo-de-respuesta-a-los-derechos-de-peticion-se-amplia-por-30-dias-habiles-mas\/#primaryimage\"},\"thumbnailUrl\":\"https:\/\/vehiculosvalle.com.co\/portalweb\/wp-content\/uploads\/2021\/04\/Derechos-de-peticion-Valle-del-cauca.jpg\",\"articleSection\":[\"Movilidad\",\"Noticias\"],\"inLanguage\":\"es\"},{\"@type\":\"WebPage\",\"@id\":\"https:\/\/vehiculosvalle.com.co\/portalweb\/el-tiempo-de-respuesta-a-los-derechos-de-peticion-se-amplia-por-30-dias-habiles-mas\/\",\"url\":\"https:\/\/vehiculosvalle.com.co\/portalweb\/el-tiempo-de-respuesta-a-los-derechos-de-peticion-se-amplia-por-30-dias-habiles-mas\/\",\"name\":\"- Impuesto Automotor Valle del Cauca\",\"isPartOf\":{\"@id\":\"https:\/\/vehiculosvalle.com.co\/portalweb\/#website\"},\"primaryImageOfPage\":{\"@id\":\"https:\/\/vehiculosvalle.com.co\/portalweb\/el-tiempo-de-respuesta-a-los-derechos-de-peticion-se-amplia-por-30-dias-habiles-mas\/#primaryimage\"},\"image\":{\"@id\":\"https:\/\/vehiculosvalle.com.co\/portalweb\/el-tiempo-de-respuesta-a-los-derechos-de-peticion-se-amplia-por-30-dias-habiles-mas\/#primaryimage\"},\"thumbnailUrl\":\"https:\/\/vehiculosvalle.com.co\/portalweb\/wp-content\/uploads\/2021\/04\/Derechos-de-peticion-Valle-del-cauca.jpg\",\"datePublished\":\"2021-04-15T20:36:34+00:00\",\"dateModified\":\"2024-03-08T21:31:56+00:00\",\"description\":\"El tiempo de respuesta a los derechos de petici\u00f3n de la Gobernaci\u00f3n de Valle se ampl\u00eda por 30 d\u00edas h\u00e1biles m\u00e1s.\",\"breadcrumb\":{\"@id\":\"https:\/\/vehiculosvalle.com.co\/portalweb\/el-tiempo-de-respuesta-a-los-derechos-de-peticion-se-amplia-por-30-dias-habiles-mas\/#breadcrumb\"},\"inLanguage\":\"es\",\"potentialAction\":[{\"@type\":\"ReadAction\",\"target\":[\"https:\/\/vehiculosvalle.com.co\/portalweb\/el-tiempo-de-respuesta-a-los-derechos-de-peticion-se-amplia-por-30-dias-habiles-mas\/\"]}]},{\"@type\":\"ImageObject\",\"inLanguage\":\"es\",\"@id\":\"https:\/\/vehiculosvalle.com.co\/portalweb\/el-tiempo-de-respuesta-a-los-derechos-de-peticion-se-amplia-por-30-dias-habiles-mas\/#primaryimage\",\"url\":\"https:\/\/vehiculosvalle.com.co\/portalweb\/wp-content\/uploads\/2021\/04\/Derechos-de-peticion-Valle-del-cauca.jpg\",\"contentUrl\":\"https:\/\/vehiculosvalle.com.co\/portalweb\/wp-content\/uploads\/2021\/04\/Derechos-de-peticion-Valle-del-cauca.jpg\",\"width\":1560,\"height\":520},{\"@type\":\"BreadcrumbList\",\"@id\":\"https:\/\/vehiculosvalle.com.co\/portalweb\/el-tiempo-de-respuesta-a-los-derechos-de-peticion-se-amplia-por-30-dias-habiles-mas\/#breadcrumb\",\"itemListElement\":[{\"@type\":\"ListItem\",\"position\":1,\"name\":\"Portada\",\"item\":\"https:\/\/vehiculosvalle.com.co\/portalweb\/\"},{\"@type\":\"ListItem\",\"position\":2,\"name\":\"\u00a1El tiempo de respuesta a los derechos de petici\u00f3n se ampl\u00eda por 30 d\u00edas h\u00e1biles m\u00e1s!\"}]},{\"@type\":\"WebSite\",\"@id\":\"https:\/\/vehiculosvalle.com.co\/portalweb\/#website\",\"url\":\"https:\/\/vehiculosvalle.com.co\/portalweb\/\",\"name\":\"Impuesto Automotor Valle del Cauca\",\"description\":\"Consulta aqu\u00ed el estado de tu Impuesto Automotor del departamento de Valle del Cauca y paga en l\u00ednea de forma f\u00e1cil y segura.\",\"publisher\":{\"@id\":\"https:\/\/vehiculosvalle.com.co\/portalweb\/#organization\"},\"potentialAction\":[{\"@type\":\"SearchAction\",\"target\":{\"@type\":\"EntryPoint\",\"urlTemplate\":\"https:\/\/vehiculosvalle.com.co\/portalweb\/?s={search_term_string}\"},\"query-input\":{\"@type\":\"PropertyValueSpecification\",\"valueRequired\":true,\"valueName\":\"search_term_string\"}}],\"inLanguage\":\"es\"},{\"@type\":\"Organization\",\"@id\":\"https:\/\/vehiculosvalle.com.co\/portalweb\/#organization\",\"name\":\"Impuesto Vehicular del Valle del Cauca\",\"url\":\"https:\/\/vehiculosvalle.com.co\/portalweb\/\",\"logo\":{\"@type\":\"ImageObject\",\"inLanguage\":\"es\",\"@id\":\"https:\/\/vehiculosvalle.com.co\/portalweb\/#\/schema\/logo\/image\/\",\"url\":\"https:\/\/vehiculosvalle.com.co\/portalweb\/wp-content\/uploads\/2020\/06\/logo.png\",\"contentUrl\":\"https:\/\/vehiculosvalle.com.co\/portalweb\/wp-content\/uploads\/2020\/06\/logo.png\",\"width\":203,\"height\":35,\"caption\":\"Impuesto Vehicular del Valle del Cauca\"},\"image\":{\"@id\":\"https:\/\/vehiculosvalle.com.co\/portalweb\/#\/schema\/logo\/image\/\"},\"sameAs\":[\"https:\/\/www.facebook.com\/GobValle\/\",\"https:\/\/x.com\/GobValle\",\"https:\/\/www.instagram.com\/gobvalle\/\"]},{\"@type\":\"Person\",\"@id\":\"https:\/\/vehiculosvalle.com.co\/portalweb\/#\/schema\/person\/487f3b84d98849a91e79fa062c8ecc4c\",\"name\":\"Vehiculos Valle\",\"url\":\"https:\/\/vehiculosvalle.com.co\/portalweb\/?page_id=13646\/vehiculosvalle\/\"}]}<\/script>\n<!-- \/ Yoast SEO plugin. -->","yoast_head_json":{"title":"- Impuesto Automotor Valle del Cauca","description":"El tiempo de respuesta a los derechos de petici\u00f3n de la Gobernaci\u00f3n de Valle se ampl\u00eda por 30 d\u00edas h\u00e1biles m\u00e1s.","robots":{"index":"index","follow":"follow","max-snippet":"max-snippet:-1","max-image-preview":"max-image-preview:large","max-video-preview":"max-video-preview:-1"},"canonical":"https:\/\/vehiculosvalle.com.co\/portalweb\/el-tiempo-de-respuesta-a-los-derechos-de-peticion-se-amplia-por-30-dias-habiles-mas\/","og_locale":"es_ES","og_type":"article","og_title":"- Impuesto Automotor Valle del Cauca","og_description":"El tiempo de respuesta a los derechos de petici\u00f3n de la Gobernaci\u00f3n de Valle se ampl\u00eda por 30 d\u00edas h\u00e1biles m\u00e1s.","og_url":"https:\/\/vehiculosvalle.com.co\/portalweb\/el-tiempo-de-respuesta-a-los-derechos-de-peticion-se-amplia-por-30-dias-habiles-mas\/","og_site_name":"Impuesto Automotor Valle del Cauca","article_publisher":"https:\/\/www.facebook.com\/GobValle\/","article_published_time":"2021-04-15T20:36:34+00:00","article_modified_time":"2024-03-08T21:31:56+00:00","og_image":[{"width":1560,"height":520,"url":"https:\/\/vehiculosvalle.com.co\/portalweb\/wp-content\/uploads\/2021\/04\/Derechos-de-peticion-Valle-del-cauca.jpg","type":"image\/jpeg"}],"author":"Vehiculos Valle","twitter_card":"summary_large_image","twitter_creator":"@GobValle","twitter_site":"@GobValle","twitter_misc":{"Escrito por":"Vehiculos Valle","Tiempo de lectura":"2 minutos"},"schema":{"@context":"https:\/\/schema.org","@graph":[{"@type":"Article","@id":"https:\/\/vehiculosvalle.com.co\/portalweb\/el-tiempo-de-respuesta-a-los-derechos-de-peticion-se-amplia-por-30-dias-habiles-mas\/#article","isPartOf":{"@id":"https:\/\/vehiculosvalle.com.co\/portalweb\/el-tiempo-de-respuesta-a-los-derechos-de-peticion-se-amplia-por-30-dias-habiles-mas\/"},"author":{"name":"Vehiculos Valle","@id":"https:\/\/vehiculosvalle.com.co\/portalweb\/#\/schema\/person\/487f3b84d98849a91e79fa062c8ecc4c"},"headline":"\u00a1El tiempo de respuesta a los derechos de petici\u00f3n se ampl\u00eda por 30 d\u00edas h\u00e1biles m\u00e1s!","datePublished":"2021-04-15T20:36:34+00:00","dateModified":"2024-03-08T21:31:56+00:00","mainEntityOfPage":{"@id":"https:\/\/vehiculosvalle.com.co\/portalweb\/el-tiempo-de-respuesta-a-los-derechos-de-peticion-se-amplia-por-30-dias-habiles-mas\/"},"wordCount":311,"publisher":{"@id":"https:\/\/vehiculosvalle.com.co\/portalweb\/#organization"},"image":{"@id":"https:\/\/vehiculosvalle.com.co\/portalweb\/el-tiempo-de-respuesta-a-los-derechos-de-peticion-se-amplia-por-30-dias-habiles-mas\/#primaryimage"},"thumbnailUrl":"https:\/\/vehiculosvalle.com.co\/portalweb\/wp-content\/uploads\/2021\/04\/Derechos-de-peticion-Valle-del-cauca.jpg","articleSection":["Movilidad","Noticias"],"inLanguage":"es"},{"@type":"WebPage","@id":"https:\/\/vehiculosvalle.com.co\/portalweb\/el-tiempo-de-respuesta-a-los-derechos-de-peticion-se-amplia-por-30-dias-habiles-mas\/","url":"https:\/\/vehiculosvalle.com.co\/portalweb\/el-tiempo-de-respuesta-a-los-derechos-de-peticion-se-amplia-por-30-dias-habiles-mas\/","name":"- Impuesto Automotor Valle del Cauca","isPartOf":{"@id":"https:\/\/vehiculosvalle.com.co\/portalweb\/#website"},"primaryImageOfPage":{"@id":"https:\/\/vehiculosvalle.com.co\/portalweb\/el-tiempo-de-respuesta-a-los-derechos-de-peticion-se-amplia-por-30-dias-habiles-mas\/#primaryimage"},"image":{"@id":"https:\/\/vehiculosvalle.com.co\/portalweb\/el-tiempo-de-respuesta-a-los-derechos-de-peticion-se-amplia-por-30-dias-habiles-mas\/#primaryimage"},"thumbnailUrl":"https:\/\/vehiculosvalle.com.co\/portalweb\/wp-content\/uploads\/2021\/04\/Derechos-de-peticion-Valle-del-cauca.jpg","datePublished":"2021-04-15T20:36:34+00:00","dateModified":"2024-03-08T21:31:56+00:00","description":"El tiempo de respuesta a los derechos de petici\u00f3n de la Gobernaci\u00f3n de Valle se ampl\u00eda por 30 d\u00edas h\u00e1biles m\u00e1s.","breadcrumb":{"@id":"https:\/\/vehiculosvalle.com.co\/portalweb\/el-tiempo-de-respuesta-a-los-derechos-de-peticion-se-amplia-por-30-dias-habiles-mas\/#breadcrumb"},"inLanguage":"es","potentialAction":[{"@type":"ReadAction","target":["https:\/\/vehiculosvalle.com.co\/portalweb\/el-tiempo-de-respuesta-a-los-derechos-de-peticion-se-amplia-por-30-dias-habiles-mas\/"]}]},{"@type":"ImageObject","inLanguage":"es","@id":"https:\/\/vehiculosvalle.com.co\/portalweb\/el-tiempo-de-respuesta-a-los-derechos-de-peticion-se-amplia-por-30-dias-habiles-mas\/#primaryimage","url":"https:\/\/vehiculosvalle.com.co\/portalweb\/wp-content\/uploads\/2021\/04\/Derechos-de-peticion-Valle-del-cauca.jpg","contentUrl":"https:\/\/vehiculosvalle.com.co\/portalweb\/wp-content\/uploads\/2021\/04\/Derechos-de-peticion-Valle-del-cauca.jpg","width":1560,"height":520},{"@type":"BreadcrumbList","@id":"https:\/\/vehiculosvalle.com.co\/portalweb\/el-tiempo-de-respuesta-a-los-derechos-de-peticion-se-amplia-por-30-dias-habiles-mas\/#breadcrumb","itemListElement":[{"@type":"ListItem","position":1,"name":"Portada","item":"https:\/\/vehiculosvalle.com.co\/portalweb\/"},{"@type":"ListItem","position":2,"name":"\u00a1El tiempo de respuesta a los derechos de petici\u00f3n se ampl\u00eda por 30 d\u00edas h\u00e1biles m\u00e1s!"}]},{"@type":"WebSite","@id":"https:\/\/vehiculosvalle.com.co\/portalweb\/#website","url":"https:\/\/vehiculosvalle.com.co\/portalweb\/","name":"Impuesto Automotor Valle del Cauca","description":"Consulta aqu\u00ed el estado de tu Impuesto Automotor del departamento de Valle del Cauca y paga en l\u00ednea de forma f\u00e1cil y segura.","publisher":{"@id":"https:\/\/vehiculosvalle.com.co\/portalweb\/#organization"},"potentialAction":[{"@type":"SearchAction","target":{"@type":"EntryPoint","urlTemplate":"https:\/\/vehiculosvalle.com.co\/portalweb\/?s={search_term_string}"},"query-input":{"@type":"PropertyValueSpecification","valueRequired":true,"valueName":"search_term_string"}}],"inLanguage":"es"},{"@type":"Organization","@id":"https:\/\/vehiculosvalle.com.co\/portalweb\/#organization","name":"Impuesto Vehicular del Valle del Cauca","url":"https:\/\/vehiculosvalle.com.co\/portalweb\/","logo":{"@type":"ImageObject","inLanguage":"es","@id":"https:\/\/vehiculosvalle.com.co\/portalweb\/#\/schema\/logo\/image\/","url":"https:\/\/vehiculosvalle.com.co\/portalweb\/wp-content\/uploads\/2020\/06\/logo.png","contentUrl":"https:\/\/vehiculosvalle.com.co\/portalweb\/wp-content\/uploads\/2020\/06\/logo.png","width":203,"height":35,"caption":"Impuesto Vehicular del Valle del Cauca"},"image":{"@id":"https:\/\/vehiculosvalle.com.co\/portalweb\/#\/schema\/logo\/image\/"},"sameAs":["https:\/\/www.facebook.com\/GobValle\/","https:\/\/x.com\/GobValle","https:\/\/www.instagram.com\/gobvalle\/"]},{"@type":"Person","@id":"https:\/\/vehiculosvalle.com.co\/portalweb\/#\/schema\/person\/487f3b84d98849a91e79fa062c8ecc4c","name":"Vehiculos Valle","url":"https:\/\/vehiculosvalle.com.co\/portalweb\/?page_id=13646\/vehiculosvalle\/"}]}},"_links":{"self":[{"href":"https:\/\/vehiculosvalle.com.co\/portalweb\/wp-json\/wp\/v2\/posts\/13303","targetHints":{"allow":["GET"]}}],"collection":[{"href":"https:\/\/vehiculosvalle.com.co\/portalweb\/wp-json\/wp\/v2\/posts"}],"about":[{"href":"https:\/\/vehiculosvalle.com.co\/portalweb\/wp-json\/wp\/v2\/types\/post"}],"author":[{"embeddable":true,"href":"https:\/\/vehiculosvalle.com.co\/portalweb\/wp-json\/wp\/v2\/users\/5"}],"replies":[{"embeddable":true,"href":"https:\/\/vehiculosvalle.com.co\/portalweb\/wp-json\/wp\/v2\/comments?post=13303"}],"version-history":[{"count":4,"href":"https:\/\/vehiculosvalle.com.co\/portalweb\/wp-json\/wp\/v2\/posts\/13303\/revisions"}],"predecessor-version":[{"id":13795,"href":"https:\/\/vehiculosvalle.com.co\/portalweb\/wp-json\/wp\/v2\/posts\/13303\/revisions\/13795"}],"wp:featuredmedia":[{"embeddable":true,"href":"https:\/\/vehiculosvalle.com.co\/portalweb\/wp-json\/wp\/v2\/media\/13305"}],"wp:attachment":[{"href":"https:\/\/vehiculosvalle.com.co\/portalweb\/wp-json\/wp\/v2\/media?parent=13303"}],"wp:term":[{"taxonomy":"category","embeddable":true,"href":"https:\/\/vehiculosvalle.com.co\/portalweb\/wp-json\/wp\/v2\/categories?post=13303"},{"taxonomy":"post_tag","embeddable":true,"href":"https:\/\/vehiculosvalle.com.co\/portalweb\/wp-json\/wp\/v2\/tags?post=13303"}],"curies":[{"name":"wp","href":"https:\/\/api.w.org\/{rel}","templated":true}]}}