{"id":13111,"date":"2020-07-07T08:09:29","date_gmt":"2020-07-07T13:09:29","guid":{"rendered":"https:\/\/vehiculosvalle.com.co\/portalweb\/?p=13111"},"modified":"2024-03-26T08:54:35","modified_gmt":"2024-03-26T13:54:35","slug":"gracias-las-palabras-de-la-gobernadora-de-valle-del-cauca","status":"publish","type":"post","link":"https:\/\/vehiculosvalle.com.co\/portalweb\/gracias-las-palabras-de-la-gobernadora-de-valle-del-cauca\/","title":{"rendered":"Gracias: las palabras de la gobernadora de Valle del Cauca"},"content":{"rendered":"<p>[vc_row][vc_column]<div class=\"ult-animation  ult-animate-viewport  ult-no-mobile \" data-animate=\"fadeIn\" data-animation-delay=\"0.3\" data-animation-duration=\"1\" data-animation-iteration=\"1\" style=\"opacity:0;\" data-opacity_start_effect=\"\">[vc_custom_heading text=\u00bb\u00a1Gracias!\u00bb font_container=\u00bbtag:h3|font_size:72px|text_align:left|line_height:1.2em\u00bb use_theme_fonts=\u00bbyes\u00bb][vc_custom_heading text=\u00bbLas palabras de la gobernadora de Valle del Cauca.\u00bb font_container=\u00bbtag:h3|text_align:left|color:%231f3b73|line_height:36px\u00bb use_theme_fonts=\u00bbyes\u00bb]<\/div>[vc_empty_space height=\u00bb15px\u00bb][vc_column_text]<\/p>\n<h6>Dilian Francisca Toro Torres, gobernadora de Valle del Cauca, agradece a todos los contribuyentes por el pago de sus obligaciones a trav\u00e9s de la siguiente carta:<\/h6>\n<p>[\/vc_column_text][\/vc_column][\/vc_row][vc_row][vc_column width=\u00bb1\/4&#8243;][vc_empty_space height=\u00bb20px\u00bb][vc_single_image image=\u00bb13809&#8243; img_size=\u00bbfull\u00bb][vc_empty_space height=\u00bb24px\u00bb][vc_separator color=\u00bbcustom\u00bb border_width=\u00bb4&#8243; el_width=\u00bb60&#8243; accent_color=\u00bb#008f4c\u00bb][\/vc_column][vc_column width=\u00bb3\/4&#8243;][vc_empty_space][vc_column_text]Queridos contribuyentes,<br \/>\nEsta es la oportunidad que todos tenemos para hacer de nuestro Valle del Cauca, el<br \/>\ndepartamento m\u00e1s pr\u00f3spero de la regi\u00f3n y el pa\u00eds.<\/p>\n<p>\u00a1Gracias por hacer sus pagos oportunamente! En nuestro gobierno nos propusimos superar la meta del 100% del recaudo de los impuestos y rentas, para seguir sosteniendo la calificaci\u00f3n AAA, fortalecer la seguridad, la red hospitalaria, la educaci\u00f3n, el deporte, la infraestructura vial y generar nuevas fuentes de empleo para el desarrollo sostenible de nuestro departamento.<\/p>\n<p>Los vallecaucanos nos caracterizamos por ser aguerridos, trabajadores, bondadosos y solidarios. Los invito para que trabajemos unidos en la construcci\u00f3n de un Valle del Cauca m\u00e1s pr\u00f3spero e incluyente.<\/p>\n<p><strong>Dilian Francisca Toro Torres<\/strong><br \/>\n<strong>Gobernadora del Departamento del Valle del Cauca<\/strong><\/p>\n<p>&nbsp;<\/p>\n<p>[\/vc_column_text][\/vc_column][\/vc_row]<\/p>\n","protected":false},"excerpt":{"rendered":"<p>Clara Luz Rold\u00e1n Gonz\u00e1lez, gobernadora de Valle del Cauca agradece a todos los contribuyentes por el pago de sus obligaciones a trav\u00e9s de una carta.<\/p>\n","protected":false},"author":5,"featured_media":13131,"comment_status":"closed","ping_status":"closed","sticky":false,"template":"","format":"standard","meta":{"footnotes":""},"categories":[53],"tags":[],"class_list":["post-13111","post","type-post","status-publish","format-standard","has-post-thumbnail","hentry","category-noticias"],"yoast_head":"<!-- This site is optimized with the Yoast SEO plugin v26.5 - https:\/\/yoast.com\/wordpress\/plugins\/seo\/ -->\n<title>- Impuesto Automotor Valle del Cauca<\/title>\n<meta name=\"description\" content=\"Consulta aqu\u00ed el estado de tu impuesto vehicular del departamento de Valle del Cauca. Paga en l\u00ednea de forma f\u00e1cil y segura.\" \/>\n<meta name=\"robots\" content=\"index, follow, max-snippet:-1, max-image-preview:large, max-video-preview:-1\" \/>\n<link rel=\"canonical\" href=\"https:\/\/vehiculosvalle.com.co\/portalweb\/gracias-las-palabras-de-la-gobernadora-de-valle-del-cauca\/\" \/>\n<meta property=\"og:locale\" content=\"es_ES\" \/>\n<meta property=\"og:type\" content=\"article\" \/>\n<meta property=\"og:title\" content=\"- Impuesto Automotor Valle del Cauca\" \/>\n<meta property=\"og:description\" content=\"Consulta aqu\u00ed el estado de tu impuesto vehicular del departamento de Valle del Cauca. Paga en l\u00ednea de forma f\u00e1cil y segura.\" \/>\n<meta property=\"og:url\" content=\"https:\/\/vehiculosvalle.com.co\/portalweb\/gracias-las-palabras-de-la-gobernadora-de-valle-del-cauca\/\" \/>\n<meta property=\"og:site_name\" content=\"Impuesto Automotor Valle del Cauca\" \/>\n<meta property=\"article:publisher\" content=\"https:\/\/www.facebook.com\/GobValle\/\" \/>\n<meta property=\"article:published_time\" content=\"2020-07-07T13:09:29+00:00\" \/>\n<meta property=\"article:modified_time\" content=\"2024-03-26T13:54:35+00:00\" \/>\n<meta property=\"og:image\" content=\"https:\/\/vehiculosvalle.com.co\/portalweb\/wp-content\/uploads\/2020\/07\/Valle1.jpg\" \/>\n\t<meta property=\"og:image:width\" content=\"1560\" \/>\n\t<meta property=\"og:image:height\" content=\"520\" \/>\n\t<meta property=\"og:image:type\" content=\"image\/jpeg\" \/>\n<meta name=\"author\" content=\"Vehiculos Valle\" \/>\n<meta name=\"twitter:card\" content=\"summary_large_image\" \/>\n<meta name=\"twitter:creator\" content=\"@GobValle\" \/>\n<meta name=\"twitter:site\" content=\"@GobValle\" \/>\n<meta name=\"twitter:label1\" content=\"Escrito por\" \/>\n\t<meta name=\"twitter:data1\" content=\"Vehiculos Valle\" \/>\n\t<meta name=\"twitter:label2\" content=\"Tiempo de lectura\" \/>\n\t<meta name=\"twitter:data2\" content=\"2 minutos\" \/>\n<script type=\"application\/ld+json\" class=\"yoast-schema-graph\">{\"@context\":\"https:\/\/schema.org\",\"@graph\":[{\"@type\":\"Article\",\"@id\":\"https:\/\/vehiculosvalle.com.co\/portalweb\/gracias-las-palabras-de-la-gobernadora-de-valle-del-cauca\/#article\",\"isPartOf\":{\"@id\":\"https:\/\/vehiculosvalle.com.co\/portalweb\/gracias-las-palabras-de-la-gobernadora-de-valle-del-cauca\/\"},\"author\":{\"name\":\"Vehiculos Valle\",\"@id\":\"https:\/\/vehiculosvalle.com.co\/portalweb\/#\/schema\/person\/487f3b84d98849a91e79fa062c8ecc4c\"},\"headline\":\"Gracias: las palabras de la gobernadora de Valle del Cauca\",\"datePublished\":\"2020-07-07T13:09:29+00:00\",\"dateModified\":\"2024-03-26T13:54:35+00:00\",\"mainEntityOfPage\":{\"@id\":\"https:\/\/vehiculosvalle.com.co\/portalweb\/gracias-las-palabras-de-la-gobernadora-de-valle-del-cauca\/\"},\"wordCount\":305,\"publisher\":{\"@id\":\"https:\/\/vehiculosvalle.com.co\/portalweb\/#organization\"},\"image\":{\"@id\":\"https:\/\/vehiculosvalle.com.co\/portalweb\/gracias-las-palabras-de-la-gobernadora-de-valle-del-cauca\/#primaryimage\"},\"thumbnailUrl\":\"https:\/\/vehiculosvalle.com.co\/portalweb\/wp-content\/uploads\/2020\/07\/Valle1.jpg\",\"articleSection\":[\"Noticias\"],\"inLanguage\":\"es\"},{\"@type\":\"WebPage\",\"@id\":\"https:\/\/vehiculosvalle.com.co\/portalweb\/gracias-las-palabras-de-la-gobernadora-de-valle-del-cauca\/\",\"url\":\"https:\/\/vehiculosvalle.com.co\/portalweb\/gracias-las-palabras-de-la-gobernadora-de-valle-del-cauca\/\",\"name\":\"- Impuesto Automotor Valle del Cauca\",\"isPartOf\":{\"@id\":\"https:\/\/vehiculosvalle.com.co\/portalweb\/#website\"},\"primaryImageOfPage\":{\"@id\":\"https:\/\/vehiculosvalle.com.co\/portalweb\/gracias-las-palabras-de-la-gobernadora-de-valle-del-cauca\/#primaryimage\"},\"image\":{\"@id\":\"https:\/\/vehiculosvalle.com.co\/portalweb\/gracias-las-palabras-de-la-gobernadora-de-valle-del-cauca\/#primaryimage\"},\"thumbnailUrl\":\"https:\/\/vehiculosvalle.com.co\/portalweb\/wp-content\/uploads\/2020\/07\/Valle1.jpg\",\"datePublished\":\"2020-07-07T13:09:29+00:00\",\"dateModified\":\"2024-03-26T13:54:35+00:00\",\"description\":\"Consulta aqu\u00ed el estado de tu impuesto vehicular del departamento de Valle del Cauca. Paga en l\u00ednea de forma f\u00e1cil y segura.\",\"breadcrumb\":{\"@id\":\"https:\/\/vehiculosvalle.com.co\/portalweb\/gracias-las-palabras-de-la-gobernadora-de-valle-del-cauca\/#breadcrumb\"},\"inLanguage\":\"es\",\"potentialAction\":[{\"@type\":\"ReadAction\",\"target\":[\"https:\/\/vehiculosvalle.com.co\/portalweb\/gracias-las-palabras-de-la-gobernadora-de-valle-del-cauca\/\"]}]},{\"@type\":\"ImageObject\",\"inLanguage\":\"es\",\"@id\":\"https:\/\/vehiculosvalle.com.co\/portalweb\/gracias-las-palabras-de-la-gobernadora-de-valle-del-cauca\/#primaryimage\",\"url\":\"https:\/\/vehiculosvalle.com.co\/portalweb\/wp-content\/uploads\/2020\/07\/Valle1.jpg\",\"contentUrl\":\"https:\/\/vehiculosvalle.com.co\/portalweb\/wp-content\/uploads\/2020\/07\/Valle1.jpg\",\"width\":1560,\"height\":520},{\"@type\":\"BreadcrumbList\",\"@id\":\"https:\/\/vehiculosvalle.com.co\/portalweb\/gracias-las-palabras-de-la-gobernadora-de-valle-del-cauca\/#breadcrumb\",\"itemListElement\":[{\"@type\":\"ListItem\",\"position\":1,\"name\":\"Portada\",\"item\":\"https:\/\/vehiculosvalle.com.co\/portalweb\/\"},{\"@type\":\"ListItem\",\"position\":2,\"name\":\"Gracias: las palabras de la gobernadora de Valle del Cauca\"}]},{\"@type\":\"WebSite\",\"@id\":\"https:\/\/vehiculosvalle.com.co\/portalweb\/#website\",\"url\":\"https:\/\/vehiculosvalle.com.co\/portalweb\/\",\"name\":\"Impuesto Automotor Valle del Cauca\",\"description\":\"Consulta aqu\u00ed el estado de tu Impuesto Automotor del departamento de Valle del Cauca y paga en l\u00ednea de forma f\u00e1cil y segura.\",\"publisher\":{\"@id\":\"https:\/\/vehiculosvalle.com.co\/portalweb\/#organization\"},\"potentialAction\":[{\"@type\":\"SearchAction\",\"target\":{\"@type\":\"EntryPoint\",\"urlTemplate\":\"https:\/\/vehiculosvalle.com.co\/portalweb\/?s={search_term_string}\"},\"query-input\":{\"@type\":\"PropertyValueSpecification\",\"valueRequired\":true,\"valueName\":\"search_term_string\"}}],\"inLanguage\":\"es\"},{\"@type\":\"Organization\",\"@id\":\"https:\/\/vehiculosvalle.com.co\/portalweb\/#organization\",\"name\":\"Impuesto Vehicular del Valle del Cauca\",\"url\":\"https:\/\/vehiculosvalle.com.co\/portalweb\/\",\"logo\":{\"@type\":\"ImageObject\",\"inLanguage\":\"es\",\"@id\":\"https:\/\/vehiculosvalle.com.co\/portalweb\/#\/schema\/logo\/image\/\",\"url\":\"https:\/\/vehiculosvalle.com.co\/portalweb\/wp-content\/uploads\/2020\/06\/logo.png\",\"contentUrl\":\"https:\/\/vehiculosvalle.com.co\/portalweb\/wp-content\/uploads\/2020\/06\/logo.png\",\"width\":203,\"height\":35,\"caption\":\"Impuesto Vehicular del Valle del Cauca\"},\"image\":{\"@id\":\"https:\/\/vehiculosvalle.com.co\/portalweb\/#\/schema\/logo\/image\/\"},\"sameAs\":[\"https:\/\/www.facebook.com\/GobValle\/\",\"https:\/\/x.com\/GobValle\",\"https:\/\/www.instagram.com\/gobvalle\/\"]},{\"@type\":\"Person\",\"@id\":\"https:\/\/vehiculosvalle.com.co\/portalweb\/#\/schema\/person\/487f3b84d98849a91e79fa062c8ecc4c\",\"name\":\"Vehiculos Valle\",\"url\":\"https:\/\/vehiculosvalle.com.co\/portalweb\/?page_id=13646\/vehiculosvalle\/\"}]}<\/script>\n<!-- \/ Yoast SEO plugin. -->","yoast_head_json":{"title":"- Impuesto Automotor Valle del Cauca","description":"Consulta aqu\u00ed el estado de tu impuesto vehicular del departamento de Valle del Cauca. Paga en l\u00ednea de forma f\u00e1cil y segura.","robots":{"index":"index","follow":"follow","max-snippet":"max-snippet:-1","max-image-preview":"max-image-preview:large","max-video-preview":"max-video-preview:-1"},"canonical":"https:\/\/vehiculosvalle.com.co\/portalweb\/gracias-las-palabras-de-la-gobernadora-de-valle-del-cauca\/","og_locale":"es_ES","og_type":"article","og_title":"- Impuesto Automotor Valle del Cauca","og_description":"Consulta aqu\u00ed el estado de tu impuesto vehicular del departamento de Valle del Cauca. Paga en l\u00ednea de forma f\u00e1cil y segura.","og_url":"https:\/\/vehiculosvalle.com.co\/portalweb\/gracias-las-palabras-de-la-gobernadora-de-valle-del-cauca\/","og_site_name":"Impuesto Automotor Valle del Cauca","article_publisher":"https:\/\/www.facebook.com\/GobValle\/","article_published_time":"2020-07-07T13:09:29+00:00","article_modified_time":"2024-03-26T13:54:35+00:00","og_image":[{"width":1560,"height":520,"url":"https:\/\/vehiculosvalle.com.co\/portalweb\/wp-content\/uploads\/2020\/07\/Valle1.jpg","type":"image\/jpeg"}],"author":"Vehiculos Valle","twitter_card":"summary_large_image","twitter_creator":"@GobValle","twitter_site":"@GobValle","twitter_misc":{"Escrito por":"Vehiculos Valle","Tiempo de lectura":"2 minutos"},"schema":{"@context":"https:\/\/schema.org","@graph":[{"@type":"Article","@id":"https:\/\/vehiculosvalle.com.co\/portalweb\/gracias-las-palabras-de-la-gobernadora-de-valle-del-cauca\/#article","isPartOf":{"@id":"https:\/\/vehiculosvalle.com.co\/portalweb\/gracias-las-palabras-de-la-gobernadora-de-valle-del-cauca\/"},"author":{"name":"Vehiculos Valle","@id":"https:\/\/vehiculosvalle.com.co\/portalweb\/#\/schema\/person\/487f3b84d98849a91e79fa062c8ecc4c"},"headline":"Gracias: las palabras de la gobernadora de Valle del Cauca","datePublished":"2020-07-07T13:09:29+00:00","dateModified":"2024-03-26T13:54:35+00:00","mainEntityOfPage":{"@id":"https:\/\/vehiculosvalle.com.co\/portalweb\/gracias-las-palabras-de-la-gobernadora-de-valle-del-cauca\/"},"wordCount":305,"publisher":{"@id":"https:\/\/vehiculosvalle.com.co\/portalweb\/#organization"},"image":{"@id":"https:\/\/vehiculosvalle.com.co\/portalweb\/gracias-las-palabras-de-la-gobernadora-de-valle-del-cauca\/#primaryimage"},"thumbnailUrl":"https:\/\/vehiculosvalle.com.co\/portalweb\/wp-content\/uploads\/2020\/07\/Valle1.jpg","articleSection":["Noticias"],"inLanguage":"es"},{"@type":"WebPage","@id":"https:\/\/vehiculosvalle.com.co\/portalweb\/gracias-las-palabras-de-la-gobernadora-de-valle-del-cauca\/","url":"https:\/\/vehiculosvalle.com.co\/portalweb\/gracias-las-palabras-de-la-gobernadora-de-valle-del-cauca\/","name":"- Impuesto Automotor Valle del Cauca","isPartOf":{"@id":"https:\/\/vehiculosvalle.com.co\/portalweb\/#website"},"primaryImageOfPage":{"@id":"https:\/\/vehiculosvalle.com.co\/portalweb\/gracias-las-palabras-de-la-gobernadora-de-valle-del-cauca\/#primaryimage"},"image":{"@id":"https:\/\/vehiculosvalle.com.co\/portalweb\/gracias-las-palabras-de-la-gobernadora-de-valle-del-cauca\/#primaryimage"},"thumbnailUrl":"https:\/\/vehiculosvalle.com.co\/portalweb\/wp-content\/uploads\/2020\/07\/Valle1.jpg","datePublished":"2020-07-07T13:09:29+00:00","dateModified":"2024-03-26T13:54:35+00:00","description":"Consulta aqu\u00ed el estado de tu impuesto vehicular del departamento de Valle del Cauca. Paga en l\u00ednea de forma f\u00e1cil y segura.","breadcrumb":{"@id":"https:\/\/vehiculosvalle.com.co\/portalweb\/gracias-las-palabras-de-la-gobernadora-de-valle-del-cauca\/#breadcrumb"},"inLanguage":"es","potentialAction":[{"@type":"ReadAction","target":["https:\/\/vehiculosvalle.com.co\/portalweb\/gracias-las-palabras-de-la-gobernadora-de-valle-del-cauca\/"]}]},{"@type":"ImageObject","inLanguage":"es","@id":"https:\/\/vehiculosvalle.com.co\/portalweb\/gracias-las-palabras-de-la-gobernadora-de-valle-del-cauca\/#primaryimage","url":"https:\/\/vehiculosvalle.com.co\/portalweb\/wp-content\/uploads\/2020\/07\/Valle1.jpg","contentUrl":"https:\/\/vehiculosvalle.com.co\/portalweb\/wp-content\/uploads\/2020\/07\/Valle1.jpg","width":1560,"height":520},{"@type":"BreadcrumbList","@id":"https:\/\/vehiculosvalle.com.co\/portalweb\/gracias-las-palabras-de-la-gobernadora-de-valle-del-cauca\/#breadcrumb","itemListElement":[{"@type":"ListItem","position":1,"name":"Portada","item":"https:\/\/vehiculosvalle.com.co\/portalweb\/"},{"@type":"ListItem","position":2,"name":"Gracias: las palabras de la gobernadora de Valle del Cauca"}]},{"@type":"WebSite","@id":"https:\/\/vehiculosvalle.com.co\/portalweb\/#website","url":"https:\/\/vehiculosvalle.com.co\/portalweb\/","name":"Impuesto Automotor Valle del Cauca","description":"Consulta aqu\u00ed el estado de tu Impuesto Automotor del departamento de Valle del Cauca y paga en l\u00ednea de forma f\u00e1cil y segura.","publisher":{"@id":"https:\/\/vehiculosvalle.com.co\/portalweb\/#organization"},"potentialAction":[{"@type":"SearchAction","target":{"@type":"EntryPoint","urlTemplate":"https:\/\/vehiculosvalle.com.co\/portalweb\/?s={search_term_string}"},"query-input":{"@type":"PropertyValueSpecification","valueRequired":true,"valueName":"search_term_string"}}],"inLanguage":"es"},{"@type":"Organization","@id":"https:\/\/vehiculosvalle.com.co\/portalweb\/#organization","name":"Impuesto Vehicular del Valle del Cauca","url":"https:\/\/vehiculosvalle.com.co\/portalweb\/","logo":{"@type":"ImageObject","inLanguage":"es","@id":"https:\/\/vehiculosvalle.com.co\/portalweb\/#\/schema\/logo\/image\/","url":"https:\/\/vehiculosvalle.com.co\/portalweb\/wp-content\/uploads\/2020\/06\/logo.png","contentUrl":"https:\/\/vehiculosvalle.com.co\/portalweb\/wp-content\/uploads\/2020\/06\/logo.png","width":203,"height":35,"caption":"Impuesto Vehicular del Valle del Cauca"},"image":{"@id":"https:\/\/vehiculosvalle.com.co\/portalweb\/#\/schema\/logo\/image\/"},"sameAs":["https:\/\/www.facebook.com\/GobValle\/","https:\/\/x.com\/GobValle","https:\/\/www.instagram.com\/gobvalle\/"]},{"@type":"Person","@id":"https:\/\/vehiculosvalle.com.co\/portalweb\/#\/schema\/person\/487f3b84d98849a91e79fa062c8ecc4c","name":"Vehiculos Valle","url":"https:\/\/vehiculosvalle.com.co\/portalweb\/?page_id=13646\/vehiculosvalle\/"}]}},"_links":{"self":[{"href":"https:\/\/vehiculosvalle.com.co\/portalweb\/wp-json\/wp\/v2\/posts\/13111","targetHints":{"allow":["GET"]}}],"collection":[{"href":"https:\/\/vehiculosvalle.com.co\/portalweb\/wp-json\/wp\/v2\/posts"}],"about":[{"href":"https:\/\/vehiculosvalle.com.co\/portalweb\/wp-json\/wp\/v2\/types\/post"}],"author":[{"embeddable":true,"href":"https:\/\/vehiculosvalle.com.co\/portalweb\/wp-json\/wp\/v2\/users\/5"}],"replies":[{"embeddable":true,"href":"https:\/\/vehiculosvalle.com.co\/portalweb\/wp-json\/wp\/v2\/comments?post=13111"}],"version-history":[{"count":32,"href":"https:\/\/vehiculosvalle.com.co\/portalweb\/wp-json\/wp\/v2\/posts\/13111\/revisions"}],"predecessor-version":[{"id":13813,"href":"https:\/\/vehiculosvalle.com.co\/portalweb\/wp-json\/wp\/v2\/posts\/13111\/revisions\/13813"}],"wp:featuredmedia":[{"embeddable":true,"href":"https:\/\/vehiculosvalle.com.co\/portalweb\/wp-json\/wp\/v2\/media\/13131"}],"wp:attachment":[{"href":"https:\/\/vehiculosvalle.com.co\/portalweb\/wp-json\/wp\/v2\/media?parent=13111"}],"wp:term":[{"taxonomy":"category","embeddable":true,"href":"https:\/\/vehiculosvalle.com.co\/portalweb\/wp-json\/wp\/v2\/categories?post=13111"},{"taxonomy":"post_tag","embeddable":true,"href":"https:\/\/vehiculosvalle.com.co\/portalweb\/wp-json\/wp\/v2\/tags?post=13111"}],"curies":[{"name":"wp","href":"https:\/\/api.w.org\/{rel}","templated":true}]}}